{"id":654,"date":"2020-06-09T11:58:04","date_gmt":"2020-06-09T11:58:04","guid":{"rendered":"https:\/\/academyhispaniam.com\/tactical-training\/?p=654"},"modified":"2022-11-09T12:23:43","modified_gmt":"2022-11-09T12:23:43","slug":"entrevista-a-do-vicente-gonzalvo-navarro","status":"publish","type":"post","link":"https:\/\/academyhispaniam.com\/tactical-training\/?p=654","title":{"rendered":"Entrevista a D\u00ba Vicente Gonzalvo Navarro"},"content":{"rendered":"<p>Buenas tardes es para m\u00ed como director de Academy Hispaniam Temarr lanzar este Blog con una entrevista que para m\u00ed es sin\u00f3nimo de&nbsp; &nbsp;alegr\u00eda , emoci\u00f3n&nbsp; y sobre todo me hace sentir orgulloso, muy orgulloso por recordar un poco m\u00e1s de la Historia de nuestro Real y Glorioso Cuerpo de Infanter\u00eda de Marina.<\/p>\n<p>Bueno d\u00edas y siempre a sus \u00f3rdenes D\u00ba Vicente Gonzalvo Navarro oficial de nuestra Armada espa\u00f1ola, Cuerpo de infanter\u00eda de Marina ESPA\u00d1OLA. Con su permiso empezamos.<\/p>\n<p>\u00bfCu\u00e1l es la unidad a la que pertenece?<\/p>\n<p>Buenas tardes y gracias por vuestra deferencia a la hora de encabezar esta iniciativa y poder ofrecer a todo el lector una peque\u00f1a introducci\u00f3n de las unidades que forman nuestras Fuerzas Armadas. Para los que nos quieran conocer a groso modo somos un batall\u00f3n compuesto por algo m\u00e1s de 600 hombres y mujeres que tiene su base en el Tercio de Armada como mencione anteriormente, enclavado en San Fernando (C\u00e1diz).<\/p>\n<p>\u00bfEn concreto mi Teniente Coronel a qu\u00e9 tipo de cuerpo, unidad, ej\u00e9rcito pertenece? Se que es una pregunta simple, pero, ayudemos un poco al lector ne\u00f3fito es estructuraciones nuestras sobre nuestras fuerzas Armadas, \u00bfDesde cu\u00e1ndo esta en este destino y desde cuando est\u00e1 vinculado al Real y Glorioso Cuerpo de Infanter\u00eda de Marina?<\/p>\n<p>El BDII (Batall\u00f3n de desembarco n\u00ba2) es una unidad de Infanter\u00eda de Marina perteneciente a la Armada espa\u00f1ola. La Fuerza de Infanter\u00eda de Marina se integra dentro de las capacidades de la Flota, y en concreto el \u201cTercio de Armada\u201d, y sucesivamente el Batall\u00f3n, tiene una vinculaci\u00f3n evidente con el Grupo de Proyecci\u00f3n de la Flota (al que pertenecen los buques anfibios de la Armada y otras unidades); todos ellos materializan la capacidad anfibia y de proyecci\u00f3n de la Armada. Estoy en esta unidad desde junio de 2018 y permanezco al mando de la unidad. El v\u00ednculo a la Amada Espa\u00f1ola empieza en el a\u00f1o 1992, que es cuando ingres\u00e9 en la Escuela Naval Militar de Mar\u00edn. Obtuve el despacho de teniente cinco a\u00f1os m\u00e1s tarde en 1997.<\/p>\n<p>\u00bfC\u00f3mo ve de preparada su unidad para las labores profesionales tanto a nivel nacional como internacional, como se adiestran?<\/p>\n<p>El Segundo Batall\u00f3n est\u00e1 adiestrado y preparado para cumplir todos los compromisos que puedan surgir a nivel nacional, y tambi\u00e9n aquellos derivados de nuestra integraci\u00f3n en diversas alianzas y acuerdos internacionales, como la OTAN, la UE o Naciones Unidas, por ejemplo. Esto se consigue mediante procesos de planeamiento y ejecuci\u00f3n de operaciones podr\u00edamos decir \u201cinnovadoras\u201d; as\u00ed las compa\u00f1\u00edas y el propio Batall\u00f3n se someten a una evaluaci\u00f3n continua para lograr y mantener su preparaci\u00f3n para el combate. He de mencionar que la unidad super\u00f3, hace aproximadamente un a\u00f1o, un exigente per\u00edodo de certificaci\u00f3n y validaci\u00f3n de todo su personal, medios y unidades subordinadas por el CEVACO (Centro de Evaluaci\u00f3n y Certificaci\u00f3n para el Combate) de la Armada.<\/p>\n<p>\u00bfQu\u00e9 tipo de misiones desarrolla en dicha unidad?<\/p>\n<p>La unidad actualmente est\u00e1 desplegada en la Operaci\u00f3n EUTM Mali, en per\u00edodos discontinuos, con otras unidades de la BRIMAR, tiene prevista la integraci\u00f3n de sus Equipos Operativos en otras operaciones en las que participan buques de la Armada. Ha estado integrada en las unidades de la Armada que forman la Fuerza conjunta desde junio de 2019 hasta la fecha. Al completo particip\u00f3 recientemente en el despliegue cooperativo \u201cBaltops 19\u201d, en el mar B\u00e1ltico, el a\u00f1o pasado, a bordo del Buque Juan Carlos I, con el 22 MEU de los EE. UU.<\/p>\n<p>\u00bfQu\u00e9 formaci\u00f3n extraordinaria o especial posee o ha adquirido en estos a\u00f1os de servicio?<\/p>\n<p>La formaci\u00f3n debe de ser continua, pero si alguna destaco son, las especialidades de Guerra Naval Especial y de Tecnolog\u00eda de las Comunicaciones, el curso de Estado Mayor y otros cursos de formaci\u00f3n en el \u00e1mbito de las Operaciones Especiales y las Operaciones Anfibias. Por otro lado y como me considero una \u201crara avis\u201d en el plano civil tengo un grado en Administraci\u00f3n y direcci\u00f3n de empresas y soy Doctor en derecho por la Universidad Carlos III de Madrid. Como el lector puede comprobar he dedicado mucho tiempo y esfuerzo a formarme lo que considero es un asunto muy importante en los que nos dedicamos a la carrera de las armas. En definitiva, se trata de superarse y aprender cada d\u00eda, en la medida de las posibilidades de cada uno.<\/p>\n<p>\u00bfQu\u00e9 me dice sobre sus condecoraciones o reconocimientos militares<\/p>\n<p>Como le suelo decir al personal del batall\u00f3n la mejor condecoraci\u00f3n es el aprecio de tus subordinados, compa\u00f1eros y jefes y la \u00edntima satisfacci\u00f3n del deber cumplido. Bien es cierto que despu\u00e9s de tantos a\u00f1os en las FAS uno atesora condecoraciones derivadas de su participaci\u00f3n en operaciones y de los periodos que ha ejercido el mando fundamentalmente. Tengo tres cruces al m\u00e9rito naval, una al m\u00e9rito militar, la Meritorious service medal de los EEUU, y condecoraciones de la OTAN, UE Y Naciones Unidas, entre otras, derivadas de mi participaci\u00f3n en operaciones en Bosnia, Serbia, L\u00edbano, Hait\u00ed, Afganist\u00e1n y en diversos sitios de \u00c1frica.&nbsp; En el a\u00f1o 2012 obtuve el premio del Ministerio de Defensa por un trabajo de investigaci\u00f3n sobre \u201cLa Agencia Europea de Defensa\u201d, del que estoy particularmente orgulloso. Aunque debo decir mi mayor condecoraci\u00f3n son mi familia y mis amigos, a los que intento devolver todo el apoyo que me prestan tanto en mi vida profesional como personal.<\/p>\n<p>El adiestramiento, es igual, superior o m\u00e1xima en comparativa a otras unidades dentro de su arma o cuerpo.?<\/p>\n<p>Si, cada unidad en sus cometidos claro. Como parte del Tercio de Armada es una unidad muy condecorada y m\u00e1s recientemente, en concreto este batall\u00f3n, creado en 1971, ha sido recompensado por su participaci\u00f3n en misiones internacionales (en el pasado reciente): en el antiguo Sahara Espa\u00f1ol, Bosnia y Herzegovina, L\u00edbano, Oc\u00e9ano indico, Centroam\u00e9rica, Kuwait, isla Perejil, Hait\u00ed y otras.<\/p>\n<p>Que hace diferente su unidad a otras unidades de Espa\u00f1a<\/p>\n<p>Creo que es bastante exigente o al menos me atrever\u00eda a decir que diferente, pues las operaciones y ejercicios que se realizan, por su capacidad anfibia y expedicionaria as\u00ed lo demandan. En ese sentido y siguiendo diferentes escenarios t\u00e1cticos, nuestras unidades se adiestran en el planeamiento y la ejecuci\u00f3n de operaciones distribuidas (de naturaleza ofensiva) en ambientes complejos hasta nivel secci\u00f3n\/pelot\u00f3n, con el objetivo de ser capaces de combatir una batalla \u00fanica en un espacio de batalla discontinuo. El objetivo final que se busca es que todos los infantes de marina del Batall\u00f3n sean combatientes de primera, seguros de s\u00ed mismos y con una gran confianza en las capacidades de combate de la Unidad. Infantes de marina con iniciativa, actitud\u2026\u2026\u2026\u2026\u2026\u2026<\/p>\n<p>Mi Teniente Coronel, siempre a sus \u00f3rdenes y perm\u00edtame emplazarle a que nos visite en esta su casa. Desde Academy Hispaniam Temarr, le deseamos lo mejor en su carrera que seguro que alcanza sus objetivos trazados. Gracias a vosotros y mucha suerte en este proyecto de gran envergadura.<\/p>\n\n","protected":false},"excerpt":{"rendered":"<p>Buenas tardes es para m\u00ed como director de Academy Hispaniam Temarr lanzar este Blog con una entrevista que para m\u00ed es sin\u00f3nimo de&nbsp; &nbsp;alegr\u00eda , emoci\u00f3n&nbsp; y sobre todo me hace sentir orgulloso, muy orgulloso por recordar un poco m\u00e1s de la Historia de nuestro&#8230;<\/p>\n","protected":false},"author":1,"featured_media":711,"comment_status":"closed","ping_status":"closed","sticky":false,"template":"","format":"standard","meta":{"footnotes":""},"categories":[17],"tags":[],"class_list":["post-654","post","type-post","status-publish","format-standard","has-post-thumbnail","hentry","category-entrevistas"],"_links":{"self":[{"href":"https:\/\/academyhispaniam.com\/tactical-training\/index.php?rest_route=\/wp\/v2\/posts\/654","targetHints":{"allow":["GET"]}}],"collection":[{"href":"https:\/\/academyhispaniam.com\/tactical-training\/index.php?rest_route=\/wp\/v2\/posts"}],"about":[{"href":"https:\/\/academyhispaniam.com\/tactical-training\/index.php?rest_route=\/wp\/v2\/types\/post"}],"author":[{"embeddable":true,"href":"https:\/\/academyhispaniam.com\/tactical-training\/index.php?rest_route=\/wp\/v2\/users\/1"}],"replies":[{"embeddable":true,"href":"https:\/\/academyhispaniam.com\/tactical-training\/index.php?rest_route=%2Fwp%2Fv2%2Fcomments&post=654"}],"version-history":[{"count":11,"href":"https:\/\/academyhispaniam.com\/tactical-training\/index.php?rest_route=\/wp\/v2\/posts\/654\/revisions"}],"predecessor-version":[{"id":696,"href":"https:\/\/academyhispaniam.com\/tactical-training\/index.php?rest_route=\/wp\/v2\/posts\/654\/revisions\/696"}],"wp:featuredmedia":[{"embeddable":true,"href":"https:\/\/academyhispaniam.com\/tactical-training\/index.php?rest_route=\/wp\/v2\/media\/711"}],"wp:attachment":[{"href":"https:\/\/academyhispaniam.com\/tactical-training\/index.php?rest_route=%2Fwp%2Fv2%2Fmedia&parent=654"}],"wp:term":[{"taxonomy":"category","embeddable":true,"href":"https:\/\/academyhispaniam.com\/tactical-training\/index.php?rest_route=%2Fwp%2Fv2%2Fcategories&post=654"},{"taxonomy":"post_tag","embeddable":true,"href":"https:\/\/academyhispaniam.com\/tactical-training\/index.php?rest_route=%2Fwp%2Fv2%2Ftags&post=654"}],"curies":[{"name":"wp","href":"https:\/\/api.w.org\/{rel}","templated":true}]}}